{"id":8960,"date":"2026-03-12T08:13:24","date_gmt":"2026-03-12T07:13:24","guid":{"rendered":"https:\/\/www.karlsschuetzengilde.de\/?p=8960"},"modified":"2026-03-12T08:13:27","modified_gmt":"2026-03-12T07:13:27","slug":"deutsche-meisterschaft-bogen-halle","status":"publish","type":"post","link":"https:\/\/www.karlsschuetzengilde.de\/?p=8960","title":{"rendered":"Deutsche Meisterschaft Bogen Halle"},"content":{"rendered":"<figure class=\"wp-block-image size-full is-resized\"><a href=\"https:\/\/www.karlsschuetzengilde.de\/wp-content\/uploads\/2026\/03\/DM-Bild-1.jpg\"><img loading=\"lazy\" decoding=\"async\" width=\"690\" height=\"843\" src=\"https:\/\/www.karlsschuetzengilde.de\/wp-content\/uploads\/2026\/03\/DM-Bild-1.jpg\" alt=\"\" class=\"wp-image-8957\" style=\"width:289px;height:auto\" srcset=\"https:\/\/www.karlsschuetzengilde.de\/wp-content\/uploads\/2026\/03\/DM-Bild-1.jpg 690w, https:\/\/www.karlsschuetzengilde.de\/wp-content\/uploads\/2026\/03\/DM-Bild-1-246x300.jpg 246w, https:\/\/www.karlsschuetzengilde.de\/wp-content\/uploads\/2026\/03\/DM-Bild-1-624x762.jpg 624w\" sizes=\"auto, (max-width: 690px) 100vw, 690px\" \/><\/a><\/figure>\n\n\n\n<p>Vom 06. Bis 08. M\u00e4rz 2026 richtete der Sch\u00fctzenverband Berlin-Brandenburg e.V. die <strong>Deutsche Meisterschaft <\/strong>Bogensport Halle im Horst-Kober-Sportzentrum in Berlin aus.<\/p>\n\n\n\n<p>Deutschlands beste Bogensch\u00fctzinnen und Bogensch\u00fctzen trafen sich in der Hauptstadt, um in spannenden Wettk\u00e4mpfen Pr\u00e4zision, Konzentration und sportliche H\u00f6chstleistung zu zeigen.<\/p>\n\n\n\n<p>Mit gro\u00dfer Freude nahmen auch unsere Bogensch\u00fctzen der Karlssch\u00fctzengilde Emma Savelsberg, Ben Schmidt und Tim Dohlen teil.<\/p>\n\n\n\n<figure class=\"wp-block-image size-full\"><a href=\"https:\/\/www.karlsschuetzengilde.de\/wp-content\/uploads\/2026\/03\/DDM-Bild-2.jpg\"><img loading=\"lazy\" decoding=\"async\" width=\"431\" height=\"287\" src=\"https:\/\/www.karlsschuetzengilde.de\/wp-content\/uploads\/2026\/03\/DDM-Bild-2.jpg\" alt=\"\" class=\"wp-image-8956\" srcset=\"https:\/\/www.karlsschuetzengilde.de\/wp-content\/uploads\/2026\/03\/DDM-Bild-2.jpg 431w, https:\/\/www.karlsschuetzengilde.de\/wp-content\/uploads\/2026\/03\/DDM-Bild-2-300x200.jpg 300w\" sizes=\"auto, (max-width: 431px) 100vw, 431px\" \/><\/a><\/figure>\n\n\n\n<p>Die drei haben ihre erste Deutsche Meisterschaft souver\u00e4n gemeistert. Die Aufregung war etwas gemindert, als der Bogen aufgebaut und die Bogenkontrolle \u00fcberstanden war. Trotz der etwas einsch\u00fcchternden Halle mit 50 Scheiben konnten Emma, Tim und Ben ihren Schussablauf gut abrufen und erzielten mit 1595 Ringen dem 5. Platz in der Mannschaftswertung.<\/p>\n\n\n\n<figure class=\"wp-block-image size-full\"><a href=\"https:\/\/www.karlsschuetzengilde.de\/wp-content\/uploads\/2026\/03\/DM-Bild-3.jpg\"><img loading=\"lazy\" decoding=\"async\" width=\"269\" height=\"403\" src=\"https:\/\/www.karlsschuetzengilde.de\/wp-content\/uploads\/2026\/03\/DM-Bild-3.jpg\" alt=\"\" class=\"wp-image-8958\" srcset=\"https:\/\/www.karlsschuetzengilde.de\/wp-content\/uploads\/2026\/03\/DM-Bild-3.jpg 269w, https:\/\/www.karlsschuetzengilde.de\/wp-content\/uploads\/2026\/03\/DM-Bild-3-200x300.jpg 200w\" sizes=\"auto, (max-width: 269px) 100vw, 269px\" \/><\/a><\/figure>\n\n\n\n<p>Auch in der Einzelwertung haben die Kinder super Ergebnisse erzielt. Tim Dohlen kam am Ende bei den Recurve Sch\u00fcler A m\u00e4nnlich auf Platz 14. mit 536 Ringe, Ben Schmidt kam auf Platz 16. mit 532 Ringe und Emma Savelsberg kam bei den Recurve Sch\u00fcler A weiblich auf Platz 17. mit 527 Ringe.<\/p>\n\n\n\n<p>F\u00fcr alle 3 Sch\u00fctzen war es die erste Teilnahme an einer Deutschen Meisterschaft. Wir gratulieren ihnen herzlich zu ihren gro\u00dfartigen Leistungen!<\/p>\n\n\n\n<figure class=\"wp-block-image size-full\"><a href=\"https:\/\/www.karlsschuetzengilde.de\/wp-content\/uploads\/2026\/03\/DM-Bild-4.jpg\"><img loading=\"lazy\" decoding=\"async\" width=\"436\" height=\"290\" src=\"https:\/\/www.karlsschuetzengilde.de\/wp-content\/uploads\/2026\/03\/DM-Bild-4.jpg\" alt=\"\" class=\"wp-image-8959\" srcset=\"https:\/\/www.karlsschuetzengilde.de\/wp-content\/uploads\/2026\/03\/DM-Bild-4.jpg 436w, https:\/\/www.karlsschuetzengilde.de\/wp-content\/uploads\/2026\/03\/DM-Bild-4-300x200.jpg 300w\" sizes=\"auto, (max-width: 436px) 100vw, 436px\" \/><\/a><\/figure>\n\n\n\n<p>Ein Dank geht auch an J\u00f6rg Pfeiffer, der den Kindern immer mit Rat und Tat zur Seite stand und nat\u00fcrlich an die mitgereisten Eltern und Verwandte.<\/p>","protected":false},"excerpt":{"rendered":"<p>Vom 06. Bis 08. M\u00e4rz 2026 richtete der Sch\u00fctzenverband Berlin-Brandenburg e.V. die Deutsche Meisterschaft Bogensport Halle im Horst-Kober-Sportzentrum in Berlin aus. Deutschlands beste Bogensch\u00fctzinnen und Bogensch\u00fctzen trafen sich in der Hauptstadt, um in spannenden Wettk\u00e4mpfen Pr\u00e4zision, Konzentration und sportliche H\u00f6chstleistung zu zeigen. Mit gro\u00dfer Freude nahmen auch unsere Bogensch\u00fctzen der Karlssch\u00fctzengilde Emma Savelsberg, Ben Schmidt [&hellip;]<\/p>\n","protected":false},"author":8,"featured_media":0,"comment_status":"closed","ping_status":"open","sticky":false,"template":"","format":"standard","meta":{"ngg_post_thumbnail":0,"footnotes":""},"categories":[1],"tags":[],"class_list":["post-8960","post","type-post","status-publish","format-standard","hentry","category-allgemein"],"_links":{"self":[{"href":"https:\/\/www.karlsschuetzengilde.de\/index.php?rest_route=\/wp\/v2\/posts\/8960","targetHints":{"allow":["GET"]}}],"collection":[{"href":"https:\/\/www.karlsschuetzengilde.de\/index.php?rest_route=\/wp\/v2\/posts"}],"about":[{"href":"https:\/\/www.karlsschuetzengilde.de\/index.php?rest_route=\/wp\/v2\/types\/post"}],"author":[{"embeddable":true,"href":"https:\/\/www.karlsschuetzengilde.de\/index.php?rest_route=\/wp\/v2\/users\/8"}],"replies":[{"embeddable":true,"href":"https:\/\/www.karlsschuetzengilde.de\/index.php?rest_route=%2Fwp%2Fv2%2Fcomments&post=8960"}],"version-history":[{"count":1,"href":"https:\/\/www.karlsschuetzengilde.de\/index.php?rest_route=\/wp\/v2\/posts\/8960\/revisions"}],"predecessor-version":[{"id":8961,"href":"https:\/\/www.karlsschuetzengilde.de\/index.php?rest_route=\/wp\/v2\/posts\/8960\/revisions\/8961"}],"wp:attachment":[{"href":"https:\/\/www.karlsschuetzengilde.de\/index.php?rest_route=%2Fwp%2Fv2%2Fmedia&parent=8960"}],"wp:term":[{"taxonomy":"category","embeddable":true,"href":"https:\/\/www.karlsschuetzengilde.de\/index.php?rest_route=%2Fwp%2Fv2%2Fcategories&post=8960"},{"taxonomy":"post_tag","embeddable":true,"href":"https:\/\/www.karlsschuetzengilde.de\/index.php?rest_route=%2Fwp%2Fv2%2Ftags&post=8960"}],"curies":[{"name":"wp","href":"https:\/\/api.w.org\/{rel}","templated":true}]}}