{"id":8845,"date":"2025-09-10T15:45:54","date_gmt":"2025-09-10T13:45:54","guid":{"rendered":"https:\/\/www.karlsschuetzengilde.de\/?p=8845"},"modified":"2025-09-15T13:47:21","modified_gmt":"2025-09-15T11:47:21","slug":"stadtkoenigsschiessen-der-stadt-aachen-und-schuetzenfest-der-ksg","status":"publish","type":"post","link":"https:\/\/www.karlsschuetzengilde.de\/?p=8845","title":{"rendered":"Stadtk\u00f6nigsschie\u00dfen der Stadt Aachen und Sch\u00fctzenfest der KSG"},"content":{"rendered":"<figure class=\"wp-block-image size-large\"><a href=\"https:\/\/www.karlsschuetzengilde.de\/wp-content\/uploads\/2025\/09\/Stadtkoenig-2025-scaled.jpg\"><img loading=\"lazy\" decoding=\"async\" width=\"1024\" height=\"719\" src=\"https:\/\/www.karlsschuetzengilde.de\/wp-content\/uploads\/2025\/09\/Stadtkoenig-2025-1024x719.jpg\" alt=\"\" class=\"wp-image-8843\" srcset=\"https:\/\/www.karlsschuetzengilde.de\/wp-content\/uploads\/2025\/09\/Stadtkoenig-2025-1024x719.jpg 1024w, https:\/\/www.karlsschuetzengilde.de\/wp-content\/uploads\/2025\/09\/Stadtkoenig-2025-300x211.jpg 300w, https:\/\/www.karlsschuetzengilde.de\/wp-content\/uploads\/2025\/09\/Stadtkoenig-2025-768x539.jpg 768w, https:\/\/www.karlsschuetzengilde.de\/wp-content\/uploads\/2025\/09\/Stadtkoenig-2025-1536x1078.jpg 1536w, https:\/\/www.karlsschuetzengilde.de\/wp-content\/uploads\/2025\/09\/Stadtkoenig-2025-2048x1437.jpg 2048w, https:\/\/www.karlsschuetzengilde.de\/wp-content\/uploads\/2025\/09\/Stadtkoenig-2025-624x438.jpg 624w\" sizes=\"auto, (max-width: 1024px) 100vw, 1024px\" \/><\/a><\/figure>\n\n\n\n<p>In diesem Jahr hatte Oberb\u00fcrgermeisterin Sibylle Keupen zum 45. Stadtk\u00f6nigsschie\u00dfen und 23. Stadtprinzenschie\u00dfen die Sch\u00fctzenvereine der Stadt Aachen nach Eilendorf geladen. Den Auftakt bildete traditionell der Empfang f\u00fcr die amtierenden Majest\u00e4ten und Ehreng\u00e4ste im Bezirksamt Eilendorf. Im Anschluss an den Empfang setzte sich der Festzug mit den Ehreng\u00e4sten aus Politik,&nbsp;Kirche und Gesellschaft sowie den 12 anwesenden Sch\u00fctzenbruderschaften unter der musikalischen Begleitung der Musikvereinigung Roetgen durch den Stadtteil Eilendorf in Bewegung in Richtung Sch\u00fctzenwiese der Karlssch\u00fctzen-Gilde v. 1198 Aachen e.V., die auch in diesem Jahr traditionell das Fest ausrichtete.&nbsp;Nach kurzen Begr\u00fc\u00dfungsworten an die teilnehmenden Vereine begann auch schon der erste Wettbewerb um den Titel des Stadtprinzen bzw. der Stadtprinzessin. Ein spannendes Duell lieferten sich die f\u00fcnf Jugendlichen. Schlie\u00dflich ert\u00f6nte ein lauter Jubel durch Eilendorf kurz zu Beginn der 35. Runde. Mit dem 169. Schuss hatte Lukas Radermacher von der St. Laurentius-Sch\u00fctzenbruderschaft 1602 e.V. Aachen-Laurensberg den Holzvogel von der Stange geholt. Einen spannenden Wettkampf am Kleinkaliber lieferten sich auch die 12 Erwachsenen. Schlie\u00dflich gelang es Marc Lang von den Sportsch\u00fctzen 1951 Haaren e.V. den entscheidenden 154. Schuss abzugeben. Parallel zu den Wettbewerben um die Stadtmajest\u00e4tenw\u00fcrde erfolgte auch ein Mannschaftswettbewerb zwischen den einzelnen Vereinen. Hierbei siegte die St. Apollonia-Sch\u00fctzenbruderschaft 1926 Eilendorf mit 121,9 Ringen, den zweiten Platz belegte die St. Hubertus-Sch\u00fctzenbruderschaft Aachen- Burtscheid 1949 e.V. mit 118,4 Ringen sowie den dritten Platz die Dreifaltigkeits-Sch\u00fctzenbruderschaft 1840 e.V. N\u00fctheim-Schleckheim mit 114 Ringen.<\/p>\n\n\n\n<p><\/p>\n\n\n\n<p><\/p>\n\n\n\n<figure class=\"wp-block-image size-large\"><a href=\"https:\/\/www.karlsschuetzengilde.de\/wp-content\/uploads\/2025\/09\/Majestaeten-2025-scaled.jpg\"><img loading=\"lazy\" decoding=\"async\" width=\"1024\" height=\"683\" src=\"https:\/\/www.karlsschuetzengilde.de\/wp-content\/uploads\/2025\/09\/Majestaeten-2025-1024x683.jpg\" alt=\"\" class=\"wp-image-8840\" srcset=\"https:\/\/www.karlsschuetzengilde.de\/wp-content\/uploads\/2025\/09\/Majestaeten-2025-1024x683.jpg 1024w, https:\/\/www.karlsschuetzengilde.de\/wp-content\/uploads\/2025\/09\/Majestaeten-2025-300x200.jpg 300w, https:\/\/www.karlsschuetzengilde.de\/wp-content\/uploads\/2025\/09\/Majestaeten-2025-768x512.jpg 768w, https:\/\/www.karlsschuetzengilde.de\/wp-content\/uploads\/2025\/09\/Majestaeten-2025-1536x1024.jpg 1536w, https:\/\/www.karlsschuetzengilde.de\/wp-content\/uploads\/2025\/09\/Majestaeten-2025-2048x1365.jpg 2048w, https:\/\/www.karlsschuetzengilde.de\/wp-content\/uploads\/2025\/09\/Majestaeten-2025-624x416.jpg 624w\" sizes=\"auto, (max-width: 1024px) 100vw, 1024px\" \/><\/a><\/figure>\n\n\n\n<p>Bei herrlichem Kaiserwetter wurden die Schie\u00dfwettbewerbe innerhalb der Karlssch\u00fctzen-Gilde am darauffolgenden Tag im Rahmen ihres Sch\u00fctzenfestes fortgesetzt. In einem langen und spannenden Duell gegen die Prinzessin des Vorjahres wurde Ines Conrad mit dem 286. Schuss zum zweiten Mal Prinzessin der Karlssch\u00fctzen-Gilde. Als gegen Ende des Wettbewerbs um den Titel des Sch\u00fctzenk\u00f6nigs bzw. der Sch\u00fctzenk\u00f6nigin Robert van Eisern, K\u00f6nig der letzten beiden Jahre und Pr\u00e4sident der Gilde, an das Kleinkaliber trat, wurde es auf der Wiese ruhig. Schon bei den vorherigen Sch\u00fctzen h\u00e4tte man sprichw\u00f6rtlich eine Stecknadel fallen h\u00f6ren. W\u00e4hrend anfangs 9 Sch\u00fctzenbr\u00fcder und \u2013schwestern um den begehrten Titel k\u00e4mpften, waren es zur sp\u00e4teren Stunde lediglich 6 Karlssch\u00fctzen. Mit seiner ruhigen Art fokussierte van Eisern den Holzvogel, zielte und gab mit dem 274. Schuss den entscheidenden Treffer ab. Unter lautem Jubel fiel das Tier. Mit Robert van Eisern hat die Karlssch\u00fctzen-Gilde nun erneut einen Kaiser in ihren Reihen. Dieser Erfolg gelang zuletzt Alfred Defourney im Jahr 2008. Zeitgleich konnte sich Robert van Eisern ebenfalls zum dritten Mal in Folge den Titel Ehrenk\u00f6nig der Karlssch\u00fctzen-Gilde sichern. Scheibenk\u00f6nig der Karlssch\u00fctzen wurde erstmalig Kevin Badalian.<\/p>","protected":false},"excerpt":{"rendered":"<p>In diesem Jahr hatte Oberb\u00fcrgermeisterin Sibylle Keupen zum 45. Stadtk\u00f6nigsschie\u00dfen und 23. Stadtprinzenschie\u00dfen die Sch\u00fctzenvereine der Stadt Aachen nach Eilendorf geladen. Den Auftakt bildete traditionell der Empfang f\u00fcr die amtierenden Majest\u00e4ten und Ehreng\u00e4ste im Bezirksamt Eilendorf. Im Anschluss an den Empfang setzte sich der Festzug mit den Ehreng\u00e4sten aus Politik,&nbsp;Kirche und Gesellschaft sowie den 12 [&hellip;]<\/p>\n","protected":false},"author":8,"featured_media":0,"comment_status":"closed","ping_status":"open","sticky":false,"template":"","format":"standard","meta":{"ngg_post_thumbnail":0,"footnotes":""},"categories":[1],"tags":[],"class_list":["post-8845","post","type-post","status-publish","format-standard","hentry","category-allgemein"],"_links":{"self":[{"href":"https:\/\/www.karlsschuetzengilde.de\/index.php?rest_route=\/wp\/v2\/posts\/8845","targetHints":{"allow":["GET"]}}],"collection":[{"href":"https:\/\/www.karlsschuetzengilde.de\/index.php?rest_route=\/wp\/v2\/posts"}],"about":[{"href":"https:\/\/www.karlsschuetzengilde.de\/index.php?rest_route=\/wp\/v2\/types\/post"}],"author":[{"embeddable":true,"href":"https:\/\/www.karlsschuetzengilde.de\/index.php?rest_route=\/wp\/v2\/users\/8"}],"replies":[{"embeddable":true,"href":"https:\/\/www.karlsschuetzengilde.de\/index.php?rest_route=%2Fwp%2Fv2%2Fcomments&post=8845"}],"version-history":[{"count":2,"href":"https:\/\/www.karlsschuetzengilde.de\/index.php?rest_route=\/wp\/v2\/posts\/8845\/revisions"}],"predecessor-version":[{"id":8853,"href":"https:\/\/www.karlsschuetzengilde.de\/index.php?rest_route=\/wp\/v2\/posts\/8845\/revisions\/8853"}],"wp:attachment":[{"href":"https:\/\/www.karlsschuetzengilde.de\/index.php?rest_route=%2Fwp%2Fv2%2Fmedia&parent=8845"}],"wp:term":[{"taxonomy":"category","embeddable":true,"href":"https:\/\/www.karlsschuetzengilde.de\/index.php?rest_route=%2Fwp%2Fv2%2Fcategories&post=8845"},{"taxonomy":"post_tag","embeddable":true,"href":"https:\/\/www.karlsschuetzengilde.de\/index.php?rest_route=%2Fwp%2Fv2%2Ftags&post=8845"}],"curies":[{"name":"wp","href":"https:\/\/api.w.org\/{rel}","templated":true}]}}